{"@context":"https:\/\/schema.org\/","@type":"CollectionPage","@id":"https:\/\/www.oitenta.es\/cultura\/#CollectionPage","headline":"Cultura Category","description":"","url":"https:\/\/www.oitenta.es\/cultura\/","hasPart":[{"@type":"Article","@id":"https:\/\/www.oitenta.es\/errores-que-la-gente-suele-cometer-al-introducir-a-sus-hijos-en-los-clasicos\/","headline":"Errores que la gente suele cometer al introducir a sus hijos en los cl\u00e1sicos","url":"https:\/\/www.oitenta.es\/errores-que-la-gente-suele-cometer-al-introducir-a-sus-hijos-en-los-clasicos\/","datePublished":"2022-11-15","dateModified":"2022-11-15","mainEntityOfPage":"https:\/\/www.oitenta.es\/errores-que-la-gente-suele-cometer-al-introducir-a-sus-hijos-en-los-clasicos\/","author":{"@type":"Person","@id":"https:\/\/www.oitenta.es\/author\/#Person","name":"","url":"https:\/\/www.oitenta.es\/author\/","identifier":1,"image":{"@type":"ImageObject","@id":"https:\/\/secure.gravatar.com\/avatar\/53c590fdd1ec24ee297a15a00a0829b5191e9163e4cc5dbbee20ed40fcc30ad9?s=96&d=mm&r=g","url":"https:\/\/secure.gravatar.com\/avatar\/53c590fdd1ec24ee297a15a00a0829b5191e9163e4cc5dbbee20ed40fcc30ad9?s=96&d=mm&r=g","height":96,"width":96}},"publisher":{"@type":"Organization","name":"oitenta.es","logo":{"@type":"ImageObject","@id":"\/logo.png","url":"\/logo.png","width":600,"height":60}},"image":{"@type":"ImageObject","@id":"https:\/\/www.oitenta.es\/wp-content\/uploads\/galerie2_4.jpg","url":"https:\/\/www.oitenta.es\/wp-content\/uploads\/galerie2_4.jpg","height":0,"width":0},"keywords":null},{"@type":"Article","@id":"https:\/\/www.oitenta.es\/practica-v-zahranici\/","headline":"Pr\u00e1ctica v zahrani\u010d\u00ed","url":"https:\/\/www.oitenta.es\/practica-v-zahranici\/","datePublished":"2022-07-06","dateModified":"2022-07-06","mainEntityOfPage":"https:\/\/www.oitenta.es\/practica-v-zahranici\/","author":{"@type":"Person","@id":"https:\/\/www.oitenta.es\/author\/#Person","name":"","url":"https:\/\/www.oitenta.es\/author\/","identifier":1,"image":{"@type":"ImageObject","@id":"https:\/\/secure.gravatar.com\/avatar\/53c590fdd1ec24ee297a15a00a0829b5191e9163e4cc5dbbee20ed40fcc30ad9?s=96&d=mm&r=g","url":"https:\/\/secure.gravatar.com\/avatar\/53c590fdd1ec24ee297a15a00a0829b5191e9163e4cc5dbbee20ed40fcc30ad9?s=96&d=mm&r=g","height":96,"width":96}},"publisher":{"@type":"Organization","name":"oitenta.es","logo":{"@type":"ImageObject","@id":"\/logo.png","url":"\/logo.png","width":600,"height":60}},"image":{"@type":"ImageObject","@id":"https:\/\/www.oitenta.es\/wp-content\/uploads\/map-3473163_1280.jpg","url":"https:\/\/www.oitenta.es\/wp-content\/uploads\/map-3473163_1280.jpg","height":0,"width":0},"keywords":null},{"@type":"Article","@id":"https:\/\/www.oitenta.es\/zlata-sedesata\/","headline":"Zlat\u00e1 \u0161edes\u00e1t\u00e1","url":"https:\/\/www.oitenta.es\/zlata-sedesata\/","datePublished":"2022-07-05","dateModified":"2022-07-05","mainEntityOfPage":"https:\/\/www.oitenta.es\/zlata-sedesata\/","author":{"@type":"Person","@id":"https:\/\/www.oitenta.es\/author\/#Person","name":"","url":"https:\/\/www.oitenta.es\/author\/","identifier":1,"image":{"@type":"ImageObject","@id":"https:\/\/secure.gravatar.com\/avatar\/53c590fdd1ec24ee297a15a00a0829b5191e9163e4cc5dbbee20ed40fcc30ad9?s=96&d=mm&r=g","url":"https:\/\/secure.gravatar.com\/avatar\/53c590fdd1ec24ee297a15a00a0829b5191e9163e4cc5dbbee20ed40fcc30ad9?s=96&d=mm&r=g","height":96,"width":96}},"publisher":{"@type":"Organization","name":"oitenta.es","logo":{"@type":"ImageObject","@id":"\/logo.png","url":"\/logo.png","width":600,"height":60}},"image":{"@type":"ImageObject","@id":"https:\/\/www.oitenta.es\/wp-content\/uploads\/retro_2.jpg","url":"https:\/\/www.oitenta.es\/wp-content\/uploads\/retro_2.jpg","height":0,"width":0},"keywords":null},{"@type":"Article","@id":"https:\/\/www.oitenta.es\/que-significa-tener-una-perspectiva-cultural\/","headline":"Qu\u00e9 significa tener una perspectiva cultural","url":"https:\/\/www.oitenta.es\/que-significa-tener-una-perspectiva-cultural\/","datePublished":"2021-11-24","dateModified":"2021-11-24","mainEntityOfPage":"https:\/\/www.oitenta.es\/que-significa-tener-una-perspectiva-cultural\/","author":{"@type":"Person","@id":"https:\/\/www.oitenta.es\/author\/#Person","name":"","url":"https:\/\/www.oitenta.es\/author\/","identifier":1,"image":{"@type":"ImageObject","@id":"https:\/\/secure.gravatar.com\/avatar\/53c590fdd1ec24ee297a15a00a0829b5191e9163e4cc5dbbee20ed40fcc30ad9?s=96&d=mm&r=g","url":"https:\/\/secure.gravatar.com\/avatar\/53c590fdd1ec24ee297a15a00a0829b5191e9163e4cc5dbbee20ed40fcc30ad9?s=96&d=mm&r=g","height":96,"width":96}},"publisher":{"@type":"Organization","name":"oitenta.es","logo":{"@type":"ImageObject","@id":"\/logo.png","url":"\/logo.png","width":600,"height":60}},"image":null,"keywords":null}]}